{"id":21358,"date":"2026-09-01T19:49:39","date_gmt":"2026-09-01T19:49:39","guid":{"rendered":"http:\/\/druzai.lt\/?p=21358"},"modified":"2026-09-01T19:49:39","modified_gmt":"2026-09-01T19:49:39","slug":"su-mokslo-ir-ziniu-diena","status":"publish","type":"post","link":"http:\/\/druzai.lt\/?p=21358","title":{"rendered":"Su Mokslo ir \u017eini\u0173 diena!"},"content":{"rendered":"\n<h2>Su Mokslo ir \u017eini\u0173 diena! <\/h2>\n\n\n\n<p>Rugs\u0117jo 1-oji \u2013 tai ne tik nauj\u0173 mokslo met\u0173 prad\u017eia, bet ir atver\u010diamas \u0161varus, dar nepara\u0161ytas knygos puslapis. Teatne\u0161a \u0161ie metai kuo daugiau atradim\u0173 d\u017eiaugsmo, smalsumo, \u012fkvepian\u010di\u0173 pamok\u0173 ir d\u017eiugi\u0173 akimirk\u0173 kartu su draugais.Moksleiviams ir studentams \u2013 dr\u0105sos klausti, noro pa\u017einti ir pasitik\u0117jimo savo j\u0117gomis siekiant net ir did\u017eiausi\u0173 tiksl\u0173.Mokytojams \u2013 nei\u0161senkan\u010dios kantryb\u0117s, \u012fkv\u0117pimo ir d\u017eiaugsmo matant augan\u010dius bei tobul\u0117jan\u010dius jaunuosius talentus.T\u0117veliams \u2013 ramyb\u0117s, palaikymo ir pasidid\u017eiavimo savo vaikais kasdienyb\u0117je.Lai \u0161ie mokslo metai b\u016bna turtingi \u017einiomis, \u0161iltomis \u0161ypsenomis ir prasmingais pasiekimais! Gra\u017eios ir \u012fsimintinos \u0161vent\u0117s!<\/p>\n\n\n\n<figure class=\"wp-block-gallery has-nested-images columns-default is-cropped\">\n<figure class=\"wp-block-image size-large\"><img loading=\"lazy\" width=\"480\" height=\"341\" data-id=\"21359\"  src=\"http:\/\/druzai.lt\/wp-content\/uploads\/2026\/09\/793002158_1062308103343834_7862173448987816979_n.jpeg\" alt=\"\" class=\"wp-image-21359\" srcset=\"http:\/\/druzai.lt\/wp-content\/uploads\/2026\/09\/793002158_1062308103343834_7862173448987816979_n.jpeg 480w, http:\/\/druzai.lt\/wp-content\/uploads\/2026\/09\/793002158_1062308103343834_7862173448987816979_n-300x213.jpeg 300w\" sizes=\"(max-width: 480px) 100vw, 480px\" \/><\/figure>\n<\/figure>\n","protected":false},"excerpt":{"rendered":"<p>Su Mokslo ir \u017eini\u0173 diena! Rugs\u0117jo 1-oji \u2013 tai ne tik nauj\u0173 mokslo met\u0173 prad\u017eia, bet ir atver\u010diamas \u0161varus, dar nepara\u0161ytas knygos puslapis. Teatne\u0161a \u0161ie metai kuo daugiau atradim\u0173 d\u017eiaugsmo, smalsumo, \u012fkvepian\u010di\u0173 pamok\u0173 ir d\u017eiugi\u0173 akimirk\u0173 kartu su draugais.Moksleiviams ir studentams \u2013 dr\u0105sos klausti, noro pa\u017einti ir pasitik\u0117jimo savo j\u0117gomis siekiant net ir did\u017eiausi\u0173 tiksl\u0173.Mokytojams [&hellip;]<\/p>\n","protected":false},"author":2,"featured_media":0,"comment_status":"closed","ping_status":"open","sticky":false,"template":"","format":"standard","meta":[],"categories":[1],"tags":[],"_links":{"self":[{"href":"http:\/\/druzai.lt\/index.php?rest_route=\/wp\/v2\/posts\/21358"}],"collection":[{"href":"http:\/\/druzai.lt\/index.php?rest_route=\/wp\/v2\/posts"}],"about":[{"href":"http:\/\/druzai.lt\/index.php?rest_route=\/wp\/v2\/types\/post"}],"author":[{"embeddable":true,"href":"http:\/\/druzai.lt\/index.php?rest_route=\/wp\/v2\/users\/2"}],"replies":[{"embeddable":true,"href":"http:\/\/druzai.lt\/index.php?rest_route=%2Fwp%2Fv2%2Fcomments&post=21358"}],"version-history":[{"count":1,"href":"http:\/\/druzai.lt\/index.php?rest_route=\/wp\/v2\/posts\/21358\/revisions"}],"predecessor-version":[{"id":21360,"href":"http:\/\/druzai.lt\/index.php?rest_route=\/wp\/v2\/posts\/21358\/revisions\/21360"}],"wp:attachment":[{"href":"http:\/\/druzai.lt\/index.php?rest_route=%2Fwp%2Fv2%2Fmedia&parent=21358"}],"wp:term":[{"taxonomy":"category","embeddable":true,"href":"http:\/\/druzai.lt\/index.php?rest_route=%2Fwp%2Fv2%2Fcategories&post=21358"},{"taxonomy":"post_tag","embeddable":true,"href":"http:\/\/druzai.lt\/index.php?rest_route=%2Fwp%2Fv2%2Ftags&post=21358"}],"curies":[{"name":"wp","href":"https:\/\/api.w.org\/{rel}","templated":true}]}}