{"id":20112,"date":"2025-12-28T19:22:00","date_gmt":"2025-12-28T19:22:00","guid":{"rendered":"http:\/\/druzai.lt\/?p=20112"},"modified":"2026-02-16T19:24:42","modified_gmt":"2026-02-16T19:24:42","slug":"bartkuskio-bendruomeneje-vyko-kaledine-svente","status":"publish","type":"post","link":"http:\/\/druzai.lt\/?p=20112","title":{"rendered":"Bartku\u0161kio bendruomen\u0117je vyko Kal\u0117din\u0117 \u0161vent\u0117"},"content":{"rendered":"\n<h2>Bartku\u0161kio bendruomen\u0117je vyko Kal\u0117din\u0117 \u0161vent\u0117<\/h2>\n\n\n\n<p>Nuo\u0161irdi pad\u0117ka visiems kal\u0117dinio bendruomen\u0117s renginio dalyviams: rytieti\u0161k\u0173 \u0161oki\u0173 grupei \u201eLaumen\u0117\u201c, pasakorei <strong>Janinai Jankauskienei<\/strong>, ir \u201c Dvaro\u201c kapelai, Lumilu Paslaugos Vaikams. Ved\u0117jams <a href=\"https:\/\/www.facebook.com\/ieva.stungyte?__cft__[0]=AZaIu8pScbKhxEAysXxm9FkVCnbk6ERcejXYnaXXcoQJr6U0OvjViN_ichD1fGDeooK8ijsGspNqhAGX10egHQ6FuVYUSD-K44k96QPzM5KfTceCpAxhM8fe1a95ZnIW-BuRsL_2cGZWxscK_rkfiOSmf8_ZCXl4wqd_INrmiGwkJV70Uhd3eE509KrQKaUjTLF5tkYgJ8Ci1OXv-5qRQfEZkoOtFX-U0g0_9PajO-YOnA&amp;__tn__=-]K-y-R\">Ieva Stungyte Pumputiene<\/a> ir Aust\u0117ja Pumputyt\u0117 ir sve\u010diams.J\u016bs\u0173 buvimas, \u0161ypsenos ir geranori\u0161kumas suk\u016br\u0117 ypating\u0105 \u0161ventin\u0119 atmosfer\u0105, pripildyt\u0105 bendryst\u0117s, \u0161ilumos ir Kal\u0117d\u0173 dvasios.D\u0117kojame ved\u0117jams u\u017e profesionalum\u0105, energij\u0105 ir jauk\u0173 \u0161vent\u0117s vedim\u0105, sve\u010diams \u2013 u\u017e prasming\u0105 ind\u0117l\u012f ir \u012fkvepian\u010dias akimirkas, o visiems dalyviams \u2013 u\u017e aktyvum\u0105, palaikym\u0105 ir bendruomeni\u0161kum\u0105.Tegul \u0161i atmosfera \u0161ven\u010di\u0173 proga atne\u0161a ramyb\u0119, d\u017eiaugsm\u0105 ir vilt\u012f, o bendri susitikimai ir toliau stiprina m\u016bs\u0173 bendruomen\u0119.Linkime prasming\u0173 Nauj\u0173j\u0173 Met\u0173!<\/p>\n\n\n\n<figure class=\"wp-block-gallery has-nested-images columns-default is-cropped\">\n<figure class=\"wp-block-image size-large\"><img loading=\"lazy\" width=\"1536\" height=\"2048\" data-id=\"20114\"  src=\"http:\/\/druzai.lt\/wp-content\/uploads\/2026\/02\/606206531_122243318618186028_3179031607596425116_n.jpg\" alt=\"\" class=\"wp-image-20114\" srcset=\"http:\/\/druzai.lt\/wp-content\/uploads\/2026\/02\/606206531_122243318618186028_3179031607596425116_n.jpg 1536w, http:\/\/druzai.lt\/wp-content\/uploads\/2026\/02\/606206531_122243318618186028_3179031607596425116_n-225x300.jpg 225w, http:\/\/druzai.lt\/wp-content\/uploads\/2026\/02\/606206531_122243318618186028_3179031607596425116_n-768x1024.jpg 768w, http:\/\/druzai.lt\/wp-content\/uploads\/2026\/02\/606206531_122243318618186028_3179031607596425116_n-1152x1536.jpg 1152w\" sizes=\"(max-width: 1536px) 100vw, 1536px\" \/><\/figure>\n\n\n\n<figure class=\"wp-block-image size-large\"><img loading=\"lazy\" width=\"2048\" height=\"1536\" data-id=\"20113\"  src=\"http:\/\/druzai.lt\/wp-content\/uploads\/2026\/02\/605534273_122243318564186028_7647380507385436886_n.jpg\" alt=\"\" class=\"wp-image-20113\" srcset=\"http:\/\/druzai.lt\/wp-content\/uploads\/2026\/02\/605534273_122243318564186028_7647380507385436886_n.jpg 2048w, http:\/\/druzai.lt\/wp-content\/uploads\/2026\/02\/605534273_122243318564186028_7647380507385436886_n-300x225.jpg 300w, http:\/\/druzai.lt\/wp-content\/uploads\/2026\/02\/605534273_122243318564186028_7647380507385436886_n-1024x768.jpg 1024w, http:\/\/druzai.lt\/wp-content\/uploads\/2026\/02\/605534273_122243318564186028_7647380507385436886_n-768x576.jpg 768w, http:\/\/druzai.lt\/wp-content\/uploads\/2026\/02\/605534273_122243318564186028_7647380507385436886_n-1536x1152.jpg 1536w\" sizes=\"(max-width: 2048px) 100vw, 2048px\" \/><\/figure>\n<\/figure>\n\n\n\n<p><\/p>\n","protected":false},"excerpt":{"rendered":"<p>Bartku\u0161kio bendruomen\u0117je vyko Kal\u0117din\u0117 \u0161vent\u0117 Nuo\u0161irdi pad\u0117ka visiems kal\u0117dinio bendruomen\u0117s renginio dalyviams: rytieti\u0161k\u0173 \u0161oki\u0173 grupei \u201eLaumen\u0117\u201c, pasakorei Janinai Jankauskienei, ir \u201c Dvaro\u201c kapelai, Lumilu Paslaugos Vaikams. Ved\u0117jams Ieva Stungyte Pumputiene ir Aust\u0117ja Pumputyt\u0117 ir sve\u010diams.J\u016bs\u0173 buvimas, \u0161ypsenos ir geranori\u0161kumas suk\u016br\u0117 ypating\u0105 \u0161ventin\u0119 atmosfer\u0105, pripildyt\u0105 bendryst\u0117s, \u0161ilumos ir Kal\u0117d\u0173 dvasios.D\u0117kojame ved\u0117jams u\u017e profesionalum\u0105, energij\u0105 ir jauk\u0173 [&hellip;]<\/p>\n","protected":false},"author":2,"featured_media":0,"comment_status":"closed","ping_status":"open","sticky":false,"template":"","format":"standard","meta":[],"categories":[1],"tags":[],"_links":{"self":[{"href":"http:\/\/druzai.lt\/index.php?rest_route=\/wp\/v2\/posts\/20112"}],"collection":[{"href":"http:\/\/druzai.lt\/index.php?rest_route=\/wp\/v2\/posts"}],"about":[{"href":"http:\/\/druzai.lt\/index.php?rest_route=\/wp\/v2\/types\/post"}],"author":[{"embeddable":true,"href":"http:\/\/druzai.lt\/index.php?rest_route=\/wp\/v2\/users\/2"}],"replies":[{"embeddable":true,"href":"http:\/\/druzai.lt\/index.php?rest_route=%2Fwp%2Fv2%2Fcomments&post=20112"}],"version-history":[{"count":1,"href":"http:\/\/druzai.lt\/index.php?rest_route=\/wp\/v2\/posts\/20112\/revisions"}],"predecessor-version":[{"id":20115,"href":"http:\/\/druzai.lt\/index.php?rest_route=\/wp\/v2\/posts\/20112\/revisions\/20115"}],"wp:attachment":[{"href":"http:\/\/druzai.lt\/index.php?rest_route=%2Fwp%2Fv2%2Fmedia&parent=20112"}],"wp:term":[{"taxonomy":"category","embeddable":true,"href":"http:\/\/druzai.lt\/index.php?rest_route=%2Fwp%2Fv2%2Fcategories&post=20112"},{"taxonomy":"post_tag","embeddable":true,"href":"http:\/\/druzai.lt\/index.php?rest_route=%2Fwp%2Fv2%2Ftags&post=20112"}],"curies":[{"name":"wp","href":"https:\/\/api.w.org\/{rel}","templated":true}]}}