{"id":20035,"date":"2025-11-22T16:37:00","date_gmt":"2025-11-22T16:37:00","guid":{"rendered":"http:\/\/druzai.lt\/?p=20035"},"modified":"2026-02-16T16:53:29","modified_gmt":"2026-02-16T16:53:29","slug":"105-metai-nuo-giedraiciu-arba-sirvintu-giedraiciu-musio","status":"publish","type":"post","link":"http:\/\/druzai.lt\/?p=20035","title":{"rendered":"105 metai nuo Giedrai\u010di\u0173 arba \u0160irvint\u0173\u2013Giedrai\u010di\u0173 m\u016b\u0161io"},"content":{"rendered":"\n<h2>105 metai nuo Giedrai\u010di\u0173 arba \u0160irvint\u0173\u2013Giedrai\u010di\u0173 m\u016b\u0161io<\/h2>\n\n\n\n<figure class=\"wp-block-gallery has-nested-images columns-default is-cropped\"><\/figure>\n\n\n\n<p>\u0160iemet sukanka 105 metai nuo Giedrai\u010di\u0173 arba \u0160irvint\u0173\u2013Giedrai\u010di\u0173 m\u016b\u0161io, kuomet Lietuvos kariuomenei sustabd\u017eius lenk\u0173 generolo Liucijaus \u017deligovskio dalini\u0173 ver\u017eim\u0105si gilyn \u012f Lietuv\u0105 buvo apginta Lietuvos laisv\u0117. \u012evykiai vyko m\u016bs\u0173 rajono teritorijoje. Pla\u010diau apie \u0160irvintas Lietuva ir pasaulis su\u017einojo b\u016btent po \u0161i\u0173 kautyni\u0173.<\/p>\n\n\n\n<p>Lapkri\u010dio 22 dien\u0105 vyko susitikimas su istoriku dr. Manvydu Vitk\u016bnu,  \u0160irvint\u0173 rajono savivaldyb\u0117s Igno \u0160einiaus bibliotekos skaitykloje. \u012edomu buvo paklausyti istoriko vertinimo apie svarbi\u0105 taktin\u0119 dar jaunos Lietuvos kariuomen\u0117s pergal\u0119 prie\u0161 prana\u0161esnes j\u0117gas ir susitikti su \u0160irvint\u0173 1010 \u0161auli\u0173 kuopos nariais. <\/p>\n\n\n\n<figure class=\"wp-block-gallery has-nested-images columns-default is-cropped\">\n<figure class=\"wp-block-image size-large\"><img loading=\"lazy\" width=\"1536\" height=\"2048\" data-id=\"20036\"  src=\"http:\/\/druzai.lt\/wp-content\/uploads\/2026\/02\/Messenger_creation_3C13D673-F0C9-42DD-90D5-A6358C5E094E.jpeg\" alt=\"\" class=\"wp-image-20036\" srcset=\"http:\/\/druzai.lt\/wp-content\/uploads\/2026\/02\/Messenger_creation_3C13D673-F0C9-42DD-90D5-A6358C5E094E.jpeg 1536w, http:\/\/druzai.lt\/wp-content\/uploads\/2026\/02\/Messenger_creation_3C13D673-F0C9-42DD-90D5-A6358C5E094E-225x300.jpeg 225w, http:\/\/druzai.lt\/wp-content\/uploads\/2026\/02\/Messenger_creation_3C13D673-F0C9-42DD-90D5-A6358C5E094E-768x1024.jpeg 768w, http:\/\/druzai.lt\/wp-content\/uploads\/2026\/02\/Messenger_creation_3C13D673-F0C9-42DD-90D5-A6358C5E094E-1152x1536.jpeg 1152w\" sizes=\"(max-width: 1536px) 100vw, 1536px\" \/><\/figure>\n<\/figure>\n","protected":false},"excerpt":{"rendered":"<p>105 metai nuo Giedrai\u010di\u0173 arba \u0160irvint\u0173\u2013Giedrai\u010di\u0173 m\u016b\u0161io \u0160iemet sukanka 105 metai nuo Giedrai\u010di\u0173 arba \u0160irvint\u0173\u2013Giedrai\u010di\u0173 m\u016b\u0161io, kuomet Lietuvos kariuomenei sustabd\u017eius lenk\u0173 generolo Liucijaus \u017deligovskio dalini\u0173 ver\u017eim\u0105si gilyn \u012f Lietuv\u0105 buvo apginta Lietuvos laisv\u0117. \u012evykiai vyko m\u016bs\u0173 rajono teritorijoje. Pla\u010diau apie \u0160irvintas Lietuva ir pasaulis su\u017einojo b\u016btent po \u0161i\u0173 kautyni\u0173. Lapkri\u010dio 22 dien\u0105 vyko susitikimas su [&hellip;]<\/p>\n","protected":false},"author":2,"featured_media":0,"comment_status":"closed","ping_status":"open","sticky":false,"template":"","format":"standard","meta":[],"categories":[1],"tags":[],"_links":{"self":[{"href":"http:\/\/druzai.lt\/index.php?rest_route=\/wp\/v2\/posts\/20035"}],"collection":[{"href":"http:\/\/druzai.lt\/index.php?rest_route=\/wp\/v2\/posts"}],"about":[{"href":"http:\/\/druzai.lt\/index.php?rest_route=\/wp\/v2\/types\/post"}],"author":[{"embeddable":true,"href":"http:\/\/druzai.lt\/index.php?rest_route=\/wp\/v2\/users\/2"}],"replies":[{"embeddable":true,"href":"http:\/\/druzai.lt\/index.php?rest_route=%2Fwp%2Fv2%2Fcomments&post=20035"}],"version-history":[{"count":1,"href":"http:\/\/druzai.lt\/index.php?rest_route=\/wp\/v2\/posts\/20035\/revisions"}],"predecessor-version":[{"id":20037,"href":"http:\/\/druzai.lt\/index.php?rest_route=\/wp\/v2\/posts\/20035\/revisions\/20037"}],"wp:attachment":[{"href":"http:\/\/druzai.lt\/index.php?rest_route=%2Fwp%2Fv2%2Fmedia&parent=20035"}],"wp:term":[{"taxonomy":"category","embeddable":true,"href":"http:\/\/druzai.lt\/index.php?rest_route=%2Fwp%2Fv2%2Fcategories&post=20035"},{"taxonomy":"post_tag","embeddable":true,"href":"http:\/\/druzai.lt\/index.php?rest_route=%2Fwp%2Fv2%2Ftags&post=20035"}],"curies":[{"name":"wp","href":"https:\/\/api.w.org\/{rel}","templated":true}]}}