{"id":20017,"date":"2025-12-16T09:18:00","date_gmt":"2025-12-16T09:18:00","guid":{"rendered":"http:\/\/druzai.lt\/?p=20017"},"modified":"2026-02-15T09:22:18","modified_gmt":"2026-02-15T09:22:18","slug":"didziuojames-armandu","status":"publish","type":"post","link":"http:\/\/druzai.lt\/?p=20017","title":{"rendered":"Did\u017eiuojam\u0117s Armandu!"},"content":{"rendered":"\n<h2>Did\u017eiuojam\u0117s Armandu!<\/h2>\n\n\n\n<p>Gruod\u017eio 16 d. Meno mokykloje vyko gitaros dalyko mokini\u0173 koncertas \u201eKal\u0117dos su gitara\u201c. Nuostabiais gitaros muzikos garsais visus u\u017eb\u016br\u0117 mokytojo Gintaro Kamsiuko koncertui parengti mokiniai. Maloniai nustebino mokini\u0173 t\u0117veli\u0173 gitarist\u0173 ansamblis ir \u012fsp\u016bdingas jungtinis mokini\u0173 ir t\u0117veli\u0173 finalinis pasirodymas.<\/p>\n\n\n\n<figure class=\"wp-block-gallery has-nested-images columns-default is-cropped\">\n<figure class=\"wp-block-image size-large\"><img loading=\"lazy\" width=\"2048\" height=\"921\" data-id=\"20018\"  src=\"http:\/\/druzai.lt\/wp-content\/uploads\/2026\/02\/601977224_1291388982792559_8562921075050646179_n.jpg\" alt=\"\" class=\"wp-image-20018\" srcset=\"http:\/\/druzai.lt\/wp-content\/uploads\/2026\/02\/601977224_1291388982792559_8562921075050646179_n.jpg 2048w, http:\/\/druzai.lt\/wp-content\/uploads\/2026\/02\/601977224_1291388982792559_8562921075050646179_n-300x135.jpg 300w, http:\/\/druzai.lt\/wp-content\/uploads\/2026\/02\/601977224_1291388982792559_8562921075050646179_n-1024x461.jpg 1024w, http:\/\/druzai.lt\/wp-content\/uploads\/2026\/02\/601977224_1291388982792559_8562921075050646179_n-768x345.jpg 768w, http:\/\/druzai.lt\/wp-content\/uploads\/2026\/02\/601977224_1291388982792559_8562921075050646179_n-1536x691.jpg 1536w\" sizes=\"(max-width: 2048px) 100vw, 2048px\" \/><\/figure>\n<\/figure>\n","protected":false},"excerpt":{"rendered":"<p>Did\u017eiuojam\u0117s Armandu! Gruod\u017eio 16 d. Meno mokykloje vyko gitaros dalyko mokini\u0173 koncertas \u201eKal\u0117dos su gitara\u201c. Nuostabiais gitaros muzikos garsais visus u\u017eb\u016br\u0117 mokytojo Gintaro Kamsiuko koncertui parengti mokiniai. Maloniai nustebino mokini\u0173 t\u0117veli\u0173 gitarist\u0173 ansamblis ir \u012fsp\u016bdingas jungtinis mokini\u0173 ir t\u0117veli\u0173 finalinis pasirodymas.<\/p>\n","protected":false},"author":2,"featured_media":0,"comment_status":"closed","ping_status":"open","sticky":false,"template":"","format":"standard","meta":[],"categories":[1],"tags":[],"_links":{"self":[{"href":"http:\/\/druzai.lt\/index.php?rest_route=\/wp\/v2\/posts\/20017"}],"collection":[{"href":"http:\/\/druzai.lt\/index.php?rest_route=\/wp\/v2\/posts"}],"about":[{"href":"http:\/\/druzai.lt\/index.php?rest_route=\/wp\/v2\/types\/post"}],"author":[{"embeddable":true,"href":"http:\/\/druzai.lt\/index.php?rest_route=\/wp\/v2\/users\/2"}],"replies":[{"embeddable":true,"href":"http:\/\/druzai.lt\/index.php?rest_route=%2Fwp%2Fv2%2Fcomments&post=20017"}],"version-history":[{"count":1,"href":"http:\/\/druzai.lt\/index.php?rest_route=\/wp\/v2\/posts\/20017\/revisions"}],"predecessor-version":[{"id":20019,"href":"http:\/\/druzai.lt\/index.php?rest_route=\/wp\/v2\/posts\/20017\/revisions\/20019"}],"wp:attachment":[{"href":"http:\/\/druzai.lt\/index.php?rest_route=%2Fwp%2Fv2%2Fmedia&parent=20017"}],"wp:term":[{"taxonomy":"category","embeddable":true,"href":"http:\/\/druzai.lt\/index.php?rest_route=%2Fwp%2Fv2%2Fcategories&post=20017"},{"taxonomy":"post_tag","embeddable":true,"href":"http:\/\/druzai.lt\/index.php?rest_route=%2Fwp%2Fv2%2Ftags&post=20017"}],"curies":[{"name":"wp","href":"https:\/\/api.w.org\/{rel}","templated":true}]}}