{"id":19542,"date":"2025-10-05T20:10:00","date_gmt":"2025-10-05T20:10:00","guid":{"rendered":"http:\/\/druzai.lt\/?p=19542"},"modified":"2026-02-13T20:12:29","modified_gmt":"2026-02-13T20:12:29","slug":"giedojo-vilniaus-sv-vysk-stanislovo-ir-sv-vladislovo-arkikatedros-bazilikos-parapinis-choras","status":"publish","type":"post","link":"http:\/\/druzai.lt\/?p=19542","title":{"rendered":"Giedojo Vilniaus \u0161v. vysk. Stanislovo ir \u0161v. Vladislovo arkikatedros bazilikos parapinis choras"},"content":{"rendered":"\n<h2>Giedojo Vilniaus \u0161v. vysk. Stanislovo ir \u0161v. Vladislovo arkikatedros bazilikos parapinis choras<\/h2>\n\n\n\n<p>Spalio 5 d. Musnink\u0173 \u0160v. Trejyb\u0117s ba\u017eny\u010dioje \u0161v\u0119sti \u0160v\u010d. M. Marijos Ro\u017einio Karalien\u0117s (Ro\u017ean\u010din\u0117s) atlaidai. Giedojo Vilniaus \u0161v. vysk. Stanislovo ir \u0161v. Vladislovo arkikatedros bazilikos parapinis choras. Jame gieda dru\u017eiet\u0117 Kristina \u017deromskien\u0117.Vadov\u0117 Judita Tau\u010dait\u0117, vargoninink\u0117 Virginija Survilait\u0117.A\u010di\u016b u\u017e giesmes pamald\u0173 metu ir koncert\u0105 po \u0161v. Mi\u0161i\u0173.<\/p>\n\n\n\n<figure class=\"wp-block-gallery has-nested-images columns-default is-cropped\">\n<figure class=\"wp-block-image size-large\"><img loading=\"lazy\" width=\"2048\" height=\"1153\" data-id=\"19545\"  src=\"http:\/\/druzai.lt\/wp-content\/uploads\/2026\/02\/559328047_1236451328522378_2652472185879750708_n.jpg\" alt=\"\" class=\"wp-image-19545\" srcset=\"http:\/\/druzai.lt\/wp-content\/uploads\/2026\/02\/559328047_1236451328522378_2652472185879750708_n.jpg 2048w, http:\/\/druzai.lt\/wp-content\/uploads\/2026\/02\/559328047_1236451328522378_2652472185879750708_n-300x169.jpg 300w, http:\/\/druzai.lt\/wp-content\/uploads\/2026\/02\/559328047_1236451328522378_2652472185879750708_n-1024x577.jpg 1024w, http:\/\/druzai.lt\/wp-content\/uploads\/2026\/02\/559328047_1236451328522378_2652472185879750708_n-768x432.jpg 768w, http:\/\/druzai.lt\/wp-content\/uploads\/2026\/02\/559328047_1236451328522378_2652472185879750708_n-1536x865.jpg 1536w\" sizes=\"(max-width: 2048px) 100vw, 2048px\" \/><\/figure>\n\n\n\n<figure class=\"wp-block-image size-large\"><img loading=\"lazy\" width=\"2048\" height=\"1536\" data-id=\"19543\"  src=\"http:\/\/druzai.lt\/wp-content\/uploads\/2026\/02\/557634661_1236450995189078_7233500740364701394_n.jpg\" alt=\"\" class=\"wp-image-19543\" srcset=\"http:\/\/druzai.lt\/wp-content\/uploads\/2026\/02\/557634661_1236450995189078_7233500740364701394_n.jpg 2048w, http:\/\/druzai.lt\/wp-content\/uploads\/2026\/02\/557634661_1236450995189078_7233500740364701394_n-300x225.jpg 300w, http:\/\/druzai.lt\/wp-content\/uploads\/2026\/02\/557634661_1236450995189078_7233500740364701394_n-1024x768.jpg 1024w, http:\/\/druzai.lt\/wp-content\/uploads\/2026\/02\/557634661_1236450995189078_7233500740364701394_n-768x576.jpg 768w, http:\/\/druzai.lt\/wp-content\/uploads\/2026\/02\/557634661_1236450995189078_7233500740364701394_n-1536x1152.jpg 1536w\" sizes=\"(max-width: 2048px) 100vw, 2048px\" \/><\/figure>\n\n\n\n<figure class=\"wp-block-image size-large\"><img loading=\"lazy\" width=\"992\" height=\"736\" data-id=\"19544\"  src=\"http:\/\/druzai.lt\/wp-content\/uploads\/2026\/02\/558196102_1236450788522432_3180802790484922778_n.jpg\" alt=\"\" class=\"wp-image-19544\" srcset=\"http:\/\/druzai.lt\/wp-content\/uploads\/2026\/02\/558196102_1236450788522432_3180802790484922778_n.jpg 992w, http:\/\/druzai.lt\/wp-content\/uploads\/2026\/02\/558196102_1236450788522432_3180802790484922778_n-300x223.jpg 300w, http:\/\/druzai.lt\/wp-content\/uploads\/2026\/02\/558196102_1236450788522432_3180802790484922778_n-768x570.jpg 768w\" sizes=\"(max-width: 992px) 100vw, 992px\" \/><\/figure>\n<\/figure>\n","protected":false},"excerpt":{"rendered":"<p>Giedojo Vilniaus \u0161v. vysk. Stanislovo ir \u0161v. Vladislovo arkikatedros bazilikos parapinis choras Spalio 5 d. Musnink\u0173 \u0160v. Trejyb\u0117s ba\u017eny\u010dioje \u0161v\u0119sti \u0160v\u010d. M. Marijos Ro\u017einio Karalien\u0117s (Ro\u017ean\u010din\u0117s) atlaidai. Giedojo Vilniaus \u0161v. vysk. Stanislovo ir \u0161v. Vladislovo arkikatedros bazilikos parapinis choras. Jame gieda dru\u017eiet\u0117 Kristina \u017deromskien\u0117.Vadov\u0117 Judita Tau\u010dait\u0117, vargoninink\u0117 Virginija Survilait\u0117.A\u010di\u016b u\u017e giesmes pamald\u0173 metu ir koncert\u0105 [&hellip;]<\/p>\n","protected":false},"author":2,"featured_media":0,"comment_status":"closed","ping_status":"open","sticky":false,"template":"","format":"standard","meta":[],"categories":[1],"tags":[],"_links":{"self":[{"href":"http:\/\/druzai.lt\/index.php?rest_route=\/wp\/v2\/posts\/19542"}],"collection":[{"href":"http:\/\/druzai.lt\/index.php?rest_route=\/wp\/v2\/posts"}],"about":[{"href":"http:\/\/druzai.lt\/index.php?rest_route=\/wp\/v2\/types\/post"}],"author":[{"embeddable":true,"href":"http:\/\/druzai.lt\/index.php?rest_route=\/wp\/v2\/users\/2"}],"replies":[{"embeddable":true,"href":"http:\/\/druzai.lt\/index.php?rest_route=%2Fwp%2Fv2%2Fcomments&post=19542"}],"version-history":[{"count":1,"href":"http:\/\/druzai.lt\/index.php?rest_route=\/wp\/v2\/posts\/19542\/revisions"}],"predecessor-version":[{"id":19546,"href":"http:\/\/druzai.lt\/index.php?rest_route=\/wp\/v2\/posts\/19542\/revisions\/19546"}],"wp:attachment":[{"href":"http:\/\/druzai.lt\/index.php?rest_route=%2Fwp%2Fv2%2Fmedia&parent=19542"}],"wp:term":[{"taxonomy":"category","embeddable":true,"href":"http:\/\/druzai.lt\/index.php?rest_route=%2Fwp%2Fv2%2Fcategories&post=19542"},{"taxonomy":"post_tag","embeddable":true,"href":"http:\/\/druzai.lt\/index.php?rest_route=%2Fwp%2Fv2%2Ftags&post=19542"}],"curies":[{"name":"wp","href":"https:\/\/api.w.org\/{rel}","templated":true}]}}