{"id":19514,"date":"2025-09-18T21:36:00","date_gmt":"2025-09-18T21:36:00","guid":{"rendered":"http:\/\/druzai.lt\/?p=19514"},"modified":"2026-02-11T21:42:23","modified_gmt":"2026-02-11T21:42:23","slug":"europos-paveldo-diena-sirvintose","status":"publish","type":"post","link":"http:\/\/druzai.lt\/?p=19514","title":{"rendered":"Europos paveldo diena \u0160irvintose"},"content":{"rendered":"\n<p>Europos paveldo diena \u0160irvintose <\/p>\n\n\n\n<p>\u0160i\u0173 met\u0173 Europos paveldo diena \u0160irvintose prasid\u0117jo istoriko doc. dr. Manvydo Vitk\u016bno paskaita \u201e\u0160irvintos per 550 met\u0173\u201c, skaityta Igno \u0160einiaus vie\u0161ojoje bibliotekoje. Jo pasakojimas atskleid\u0117, kaip formavosi miestas, kokie \u012fvykiai ir \u017emon\u0117s dar\u0117 did\u017eiausi\u0105 \u012ftak\u0105 jo raidai.<\/p>\n\n\n\n<p>Viena svarbiausi\u0173 projekto dali\u0173 \u2013 lauko fotografij\u0173 paroda, kurioje sugretinti seni miesto vaizdai ir dabartin\u0117s fotografijos. Tai leid\u017eia kiekvienam stabtel\u0117ti ir savo akimis pamatyti, kaip kito aik\u0161t\u0117s, gatv\u0117s, pastatai, kaip i\u0161 miesto veido i\u0161nyko vieni objektai, o j\u0173 vietoje atsirado kiti \u2013 nauji, tapsiantys istorija ateities kartoms.<\/p>\n\n\n\n<p>Ekspozicijos dizaino autor\u0117 \u2013 dizainer\u0117 Vaiva Pauliukonyt\u0117, parod\u0105 pritaikiusi \u201eBried\u017ei\u0173 take\u201c esan\u010diame ber\u017eyn\u0117lyje. Stendai, primenantys lang\u0173 ir dur\u0173 formas, \u012fsilieja \u012f gamtin\u0119 aplink\u0105 ir simboli\u0161kai atspindi parodos tem\u0105 \u2013 praeities ir dabarties dialog\u0105. Tokia erdv\u0117 leid\u017eia lankytojams \u017evelgti ne tik \u012f nuotraukas, bet ir \u012f reali\u0105 miesto panoram\u0105 kitoje up\u0117s pus\u0117je.<\/p>\n\n\n\n<p>Parodos \u201e\u0160irvintos \u2013 langas \u012f praeit\u012f, durys \u012f ateit\u012f\u201c atidarym\u0105 ved\u0117 Egl\u0117 Pi\u0161kinait\u0117 ir \u0160irvint\u0173 r. savivaldyb\u0117s tarybos narys, lietuvi\u0173 kalbos mokytojas Romas Zibalas. Rengin\u012f prad\u0117jo \u0160irvint\u0173 meno mokyklos trimit\u0173 klas\u0117s mokiniai, vadovaujami mokytojo \u017dilvino Kumpio. Europos paveldo dien\u0105 u\u017ebaig\u0117 ap\u017evalgin\u0117s ekskursijos po \u0160irvintas, supa\u017eindinusios dalyvius su miesto architekt\u016bros ir paveldo istorijomis, jas ved\u0117 gid\u0117s Au\u0161rin\u0117 Miliukait\u0117-Janovskien\u0117 ir Au\u0161ra Sadovnikien\u0117.<\/p>\n\n\n\n<p>B\u016btent \u0161iomis prasm\u0117mis remiasi projektas, kurio id\u0117jos autor\u0117 \u2013 \u0160irvint\u0173 rajono savivaldyb\u0117s \u0160vietimo ir kult\u016bros skyriaus vyriausioji specialist\u0117 Kornelija Ju\u0161kevi\u010di\u016bt\u0117-Klimien\u0117. Projekto tikslas \u2013 aktualizuoti miesto architekt\u016brin\u012f paveld\u0105 ir \u012ftraukti bendruomen\u0119 \u012f \u0160irvint\u0173 istorijos saugojim\u0105.<\/p>\n\n\n\n<p>\u0160is projektas \u2013 tikras bendras darbas. \u012e j\u012f \u012fsitrauk\u0117 bendruomen\u0117s, menininkai, fotografai bei gyventojai, pasidalij\u0119 senomis nuotraukomis i\u0161 savo asmenini\u0173 archyv\u0173. J\u0173 d\u0117ka paroda tapo ne tik vizualiu pasakojimu, bet ir gyva miesto atminties knyga.<\/p>\n\n\n\n<p>Projekt\u0105 \u012fgyvendino \u0160irvint\u0173 rajono savivaldyb\u0117, projekt\u0105 i\u0161 dalies finansavo Kult\u016bros paveldo departamentas prie Kult\u016bros ministerijos.<\/p>\n\n\n\n<figure class=\"wp-block-gallery has-nested-images columns-default is-cropped\">\n<figure class=\"wp-block-image size-large\"><img loading=\"lazy\" width=\"1536\" height=\"2048\" data-id=\"19515\"  src=\"http:\/\/druzai.lt\/wp-content\/uploads\/2026\/02\/0da2b589-3f0a-43a7-a9d6-20a0f12bdee4.jpeg\" alt=\"\" class=\"wp-image-19515\" srcset=\"http:\/\/druzai.lt\/wp-content\/uploads\/2026\/02\/0da2b589-3f0a-43a7-a9d6-20a0f12bdee4.jpeg 1536w, http:\/\/druzai.lt\/wp-content\/uploads\/2026\/02\/0da2b589-3f0a-43a7-a9d6-20a0f12bdee4-225x300.jpeg 225w, http:\/\/druzai.lt\/wp-content\/uploads\/2026\/02\/0da2b589-3f0a-43a7-a9d6-20a0f12bdee4-768x1024.jpeg 768w, http:\/\/druzai.lt\/wp-content\/uploads\/2026\/02\/0da2b589-3f0a-43a7-a9d6-20a0f12bdee4-1152x1536.jpeg 1152w\" sizes=\"(max-width: 1536px) 100vw, 1536px\" \/><\/figure>\n\n\n\n<figure class=\"wp-block-image size-large\"><img loading=\"lazy\" width=\"1200\" height=\"445\" data-id=\"19517\"  src=\"http:\/\/druzai.lt\/wp-content\/uploads\/2026\/02\/resize_1200x900_2-6.jpg\" alt=\"\" class=\"wp-image-19517\" srcset=\"http:\/\/druzai.lt\/wp-content\/uploads\/2026\/02\/resize_1200x900_2-6.jpg 1200w, http:\/\/druzai.lt\/wp-content\/uploads\/2026\/02\/resize_1200x900_2-6-300x111.jpg 300w, http:\/\/druzai.lt\/wp-content\/uploads\/2026\/02\/resize_1200x900_2-6-1024x380.jpg 1024w, http:\/\/druzai.lt\/wp-content\/uploads\/2026\/02\/resize_1200x900_2-6-768x285.jpg 768w\" sizes=\"(max-width: 1200px) 100vw, 1200px\" \/><\/figure>\n\n\n\n<figure class=\"wp-block-image size-large\"><img loading=\"lazy\" width=\"1536\" height=\"2048\" data-id=\"19516\"  src=\"http:\/\/druzai.lt\/wp-content\/uploads\/2026\/02\/cd216bc3-9e6b-4ca2-8ec7-b13d4175262d.jpeg\" alt=\"\" class=\"wp-image-19516\" srcset=\"http:\/\/druzai.lt\/wp-content\/uploads\/2026\/02\/cd216bc3-9e6b-4ca2-8ec7-b13d4175262d.jpeg 1536w, http:\/\/druzai.lt\/wp-content\/uploads\/2026\/02\/cd216bc3-9e6b-4ca2-8ec7-b13d4175262d-225x300.jpeg 225w, http:\/\/druzai.lt\/wp-content\/uploads\/2026\/02\/cd216bc3-9e6b-4ca2-8ec7-b13d4175262d-768x1024.jpeg 768w, http:\/\/druzai.lt\/wp-content\/uploads\/2026\/02\/cd216bc3-9e6b-4ca2-8ec7-b13d4175262d-1152x1536.jpeg 1152w\" sizes=\"(max-width: 1536px) 100vw, 1536px\" \/><\/figure>\n<\/figure>\n","protected":false},"excerpt":{"rendered":"<p>Europos paveldo diena \u0160irvintose \u0160i\u0173 met\u0173 Europos paveldo diena \u0160irvintose prasid\u0117jo istoriko doc. dr. Manvydo Vitk\u016bno paskaita \u201e\u0160irvintos per 550 met\u0173\u201c, skaityta Igno \u0160einiaus vie\u0161ojoje bibliotekoje. Jo pasakojimas atskleid\u0117, kaip formavosi miestas, kokie \u012fvykiai ir \u017emon\u0117s dar\u0117 did\u017eiausi\u0105 \u012ftak\u0105 jo raidai. Viena svarbiausi\u0173 projekto dali\u0173 \u2013 lauko fotografij\u0173 paroda, kurioje sugretinti seni miesto vaizdai ir [&hellip;]<\/p>\n","protected":false},"author":2,"featured_media":0,"comment_status":"closed","ping_status":"open","sticky":false,"template":"","format":"standard","meta":[],"categories":[1],"tags":[],"_links":{"self":[{"href":"http:\/\/druzai.lt\/index.php?rest_route=\/wp\/v2\/posts\/19514"}],"collection":[{"href":"http:\/\/druzai.lt\/index.php?rest_route=\/wp\/v2\/posts"}],"about":[{"href":"http:\/\/druzai.lt\/index.php?rest_route=\/wp\/v2\/types\/post"}],"author":[{"embeddable":true,"href":"http:\/\/druzai.lt\/index.php?rest_route=\/wp\/v2\/users\/2"}],"replies":[{"embeddable":true,"href":"http:\/\/druzai.lt\/index.php?rest_route=%2Fwp%2Fv2%2Fcomments&post=19514"}],"version-history":[{"count":1,"href":"http:\/\/druzai.lt\/index.php?rest_route=\/wp\/v2\/posts\/19514\/revisions"}],"predecessor-version":[{"id":19518,"href":"http:\/\/druzai.lt\/index.php?rest_route=\/wp\/v2\/posts\/19514\/revisions\/19518"}],"wp:attachment":[{"href":"http:\/\/druzai.lt\/index.php?rest_route=%2Fwp%2Fv2%2Fmedia&parent=19514"}],"wp:term":[{"taxonomy":"category","embeddable":true,"href":"http:\/\/druzai.lt\/index.php?rest_route=%2Fwp%2Fv2%2Fcategories&post=19514"},{"taxonomy":"post_tag","embeddable":true,"href":"http:\/\/druzai.lt\/index.php?rest_route=%2Fwp%2Fv2%2Ftags&post=19514"}],"curies":[{"name":"wp","href":"https:\/\/api.w.org\/{rel}","templated":true}]}}