{"id":19451,"date":"2025-09-20T21:02:00","date_gmt":"2025-09-20T21:02:00","guid":{"rendered":"http:\/\/druzai.lt\/?p=19451"},"modified":"2026-02-10T21:07:49","modified_gmt":"2026-02-10T21:07:49","slug":"kelione-po-anyksciu-krasta-10-oji-ir-paskutine-stotele-laimes-ziburys-jono-biliuno-kapas","status":"publish","type":"post","link":"http:\/\/druzai.lt\/?p=19451","title":{"rendered":"Kelion\u0117 po Anyk\u0161\u010di\u0173 kra\u0161t\u0105. 10-oji, ir paskutin\u0117 stotel\u0117: Laim\u0117s \u017eiburys &#8211; Jono Bili\u016bno kapas."},"content":{"rendered":"\n<p>Dru\u017e\u0173 ir \u0160irvint\u0173 kaimo \u201eUp\u0117\u201c bendruomen\u0117s t\u0119sia pa\u017eintines keliones, keliaudamos kartu. \u0160\u012f kart\u0105 keliavome po Anyk\u0161\u010di\u0173 rajon\u0105. Tai jau 11 \u2013oji bendra kelion\u0117. <\/p>\n\n\n\n<p>10-oji, ir paskutin\u0117 stotel\u0117: Laim\u0117s \u017eiburys &#8211; Jono Bili\u016bno kapas. <\/p>\n\n\n\n<p>Laim\u0117s \u017eibur\u012f pasiek\u0117 atkakliausi.Jonas Bili\u016bnas (1879\u20131907) \u2013 vienas svarbiausi\u0173 XX a. prad\u017eios lietuvi\u0173 ra\u0161ytoj\u0173, psichologin\u0117s ir lyrin\u0117s prozos pradininkas. Nors jo gyvenimas buvo trumpas ir pa\u017eenklintas sunkios ligos (d\u017eiovos), Bili\u016bno k\u016bryba padar\u0117 did\u017eiul\u0119 \u012ftak\u0105 tolesnei lietuvi\u0173 novelistikos raidai. Jis atsisak\u0117 buiti\u0161ko, apra\u0161omojo realizmo, b\u016bdingo jo pirmtakams, ir sutelk\u0117 d\u0117mes\u012f \u012f \u017emogaus vidin\u012f pasaul\u012f, jo jausmus, moralinius konfliktus ir s\u0105\u017ein\u0117s bals\u0105.\u0160i kalva sen\u0173j\u0173 anyk\u0161t\u0117n\u0173 vadinta sm\u0117liakalniais, Anyk\u0161\u010di\u0173 \u201eSachara\u201d, nes buvusi plika, pustoma v\u0117jo, be med\u017ei\u0173. \u0160\u012f kaln\u0105 vienas ar su sve\u010diais da\u017enai lankydav\u0119s ra\u0161ytojas Antanas \u017dukauskas\u2013Vienuolis, gro\u017e\u0117dav\u0119sis pla\u010diai atsiverian\u010diomis Anyk\u0161\u010di\u0173 apylink\u0117mis. Jis \u010dia v\u0117liau parink\u0119s viet\u0105 Jono Bili\u016bno kapui. Jonas Bili\u016bnas gim\u0117 1879 m. Ni\u016broni\u0173 k., netoli Anyk\u0161\u010di\u0173, mir\u0117 1907 m. Zakopan\u0117s miestelyje, Tatr\u0173 kaln\u0173 pap\u0117d\u0117je (dab. Lenkija). 1953 m. J. Bili\u016bno palaikai i\u0161 Zakopan\u0117s buvo perlaidoti Anyk\u0161\u010diuose ant \u0161ios kalvos. 1958 m. vir\u0161 kapo i\u0161kilo 14 metr\u0173 auk\u0161\u010dio architekto Vytauto Gabri\u016bno paminklas\u2013monumentas i\u0161 ta\u0161yt\u0173 Anyk\u0161\u010di\u0173 apylinki\u0173 akmen\u0173. To paties pavadinimo stebuklin\u0117je pasakoje ra\u0161ytojas pasakoja apie \u0161vytint\u012f stebukling\u0105 u\u017era\u0161\u0105, pasirod\u017eius\u012f ant auk\u0161to stataus kalno vir\u0161\u016bn\u0117s \u2013 tas, kuris u\u017elips ant to kalno ir ranka pasieks u\u017era\u0161\u0105, visus \u017emones padarys laimingus, o pats pavirs akmeniu.Kelion\u0117 vyko vykdant Nevyriausybini\u0173 organizacij\u0173 veiklos stiprinimo 2023\u20132025 met\u0173 veiksm\u0173 plano 2.1.1.1 priemon\u0117s \u201eStiprinti bendruomenin\u0119 veikl\u0105 savivaldyb\u0117se\u201c \u012fgyvendinimo \u0160irvint\u0173 rajono savivaldyb\u0117je Dru\u017e\u0173 kaimo bendruomen\u0117s projekt\u0105 \u201eBendraudami ir bendradarbiaudami tobul\u0117jame\u201c<\/p>\n\n\n\n<figure class=\"wp-block-gallery has-nested-images columns-default is-cropped\">\n<figure class=\"wp-block-image size-large\"><img loading=\"lazy\" width=\"2048\" height=\"1536\" data-id=\"19453\"  src=\"http:\/\/druzai.lt\/wp-content\/uploads\/2026\/02\/3efdffe0-6de4-44aa-875c-975f310ec8ff.jpeg\" alt=\"\" class=\"wp-image-19453\" srcset=\"http:\/\/druzai.lt\/wp-content\/uploads\/2026\/02\/3efdffe0-6de4-44aa-875c-975f310ec8ff.jpeg 2048w, http:\/\/druzai.lt\/wp-content\/uploads\/2026\/02\/3efdffe0-6de4-44aa-875c-975f310ec8ff-300x225.jpeg 300w, http:\/\/druzai.lt\/wp-content\/uploads\/2026\/02\/3efdffe0-6de4-44aa-875c-975f310ec8ff-1024x768.jpeg 1024w, http:\/\/druzai.lt\/wp-content\/uploads\/2026\/02\/3efdffe0-6de4-44aa-875c-975f310ec8ff-768x576.jpeg 768w, http:\/\/druzai.lt\/wp-content\/uploads\/2026\/02\/3efdffe0-6de4-44aa-875c-975f310ec8ff-1536x1152.jpeg 1536w\" sizes=\"(max-width: 2048px) 100vw, 2048px\" \/><\/figure>\n\n\n\n<figure class=\"wp-block-image size-large\"><img loading=\"lazy\" width=\"1536\" height=\"2048\" data-id=\"19454\"  src=\"http:\/\/druzai.lt\/wp-content\/uploads\/2026\/02\/60aaeb17-8965-4c4d-85f2-994313c6c28b.jpeg\" alt=\"\" class=\"wp-image-19454\" srcset=\"http:\/\/druzai.lt\/wp-content\/uploads\/2026\/02\/60aaeb17-8965-4c4d-85f2-994313c6c28b.jpeg 1536w, http:\/\/druzai.lt\/wp-content\/uploads\/2026\/02\/60aaeb17-8965-4c4d-85f2-994313c6c28b-225x300.jpeg 225w, http:\/\/druzai.lt\/wp-content\/uploads\/2026\/02\/60aaeb17-8965-4c4d-85f2-994313c6c28b-768x1024.jpeg 768w, http:\/\/druzai.lt\/wp-content\/uploads\/2026\/02\/60aaeb17-8965-4c4d-85f2-994313c6c28b-1152x1536.jpeg 1152w\" sizes=\"(max-width: 1536px) 100vw, 1536px\" \/><\/figure>\n\n\n\n<figure class=\"wp-block-image size-large\"><img loading=\"lazy\" width=\"1536\" height=\"2048\" data-id=\"19455\"  src=\"http:\/\/druzai.lt\/wp-content\/uploads\/2026\/02\/548801370_1223051609862350_653696565395690664_n.jpeg\" alt=\"\" class=\"wp-image-19455\" srcset=\"http:\/\/druzai.lt\/wp-content\/uploads\/2026\/02\/548801370_1223051609862350_653696565395690664_n.jpeg 1536w, http:\/\/druzai.lt\/wp-content\/uploads\/2026\/02\/548801370_1223051609862350_653696565395690664_n-225x300.jpeg 225w, http:\/\/druzai.lt\/wp-content\/uploads\/2026\/02\/548801370_1223051609862350_653696565395690664_n-768x1024.jpeg 768w, http:\/\/druzai.lt\/wp-content\/uploads\/2026\/02\/548801370_1223051609862350_653696565395690664_n-1152x1536.jpeg 1152w\" sizes=\"(max-width: 1536px) 100vw, 1536px\" \/><\/figure>\n<\/figure>\n","protected":false},"excerpt":{"rendered":"<p>Dru\u017e\u0173 ir \u0160irvint\u0173 kaimo \u201eUp\u0117\u201c bendruomen\u0117s t\u0119sia pa\u017eintines keliones, keliaudamos kartu. \u0160\u012f kart\u0105 keliavome po Anyk\u0161\u010di\u0173 rajon\u0105. Tai jau 11 \u2013oji bendra kelion\u0117. 10-oji, ir paskutin\u0117 stotel\u0117: Laim\u0117s \u017eiburys &#8211; Jono Bili\u016bno kapas. Laim\u0117s \u017eibur\u012f pasiek\u0117 atkakliausi.Jonas Bili\u016bnas (1879\u20131907) \u2013 vienas svarbiausi\u0173 XX a. prad\u017eios lietuvi\u0173 ra\u0161ytoj\u0173, psichologin\u0117s ir lyrin\u0117s prozos pradininkas. Nors jo gyvenimas [&hellip;]<\/p>\n","protected":false},"author":2,"featured_media":0,"comment_status":"closed","ping_status":"open","sticky":false,"template":"","format":"standard","meta":[],"categories":[1],"tags":[],"_links":{"self":[{"href":"http:\/\/druzai.lt\/index.php?rest_route=\/wp\/v2\/posts\/19451"}],"collection":[{"href":"http:\/\/druzai.lt\/index.php?rest_route=\/wp\/v2\/posts"}],"about":[{"href":"http:\/\/druzai.lt\/index.php?rest_route=\/wp\/v2\/types\/post"}],"author":[{"embeddable":true,"href":"http:\/\/druzai.lt\/index.php?rest_route=\/wp\/v2\/users\/2"}],"replies":[{"embeddable":true,"href":"http:\/\/druzai.lt\/index.php?rest_route=%2Fwp%2Fv2%2Fcomments&post=19451"}],"version-history":[{"count":1,"href":"http:\/\/druzai.lt\/index.php?rest_route=\/wp\/v2\/posts\/19451\/revisions"}],"predecessor-version":[{"id":19456,"href":"http:\/\/druzai.lt\/index.php?rest_route=\/wp\/v2\/posts\/19451\/revisions\/19456"}],"wp:attachment":[{"href":"http:\/\/druzai.lt\/index.php?rest_route=%2Fwp%2Fv2%2Fmedia&parent=19451"}],"wp:term":[{"taxonomy":"category","embeddable":true,"href":"http:\/\/druzai.lt\/index.php?rest_route=%2Fwp%2Fv2%2Fcategories&post=19451"},{"taxonomy":"post_tag","embeddable":true,"href":"http:\/\/druzai.lt\/index.php?rest_route=%2Fwp%2Fv2%2Ftags&post=19451"}],"curies":[{"name":"wp","href":"https:\/\/api.w.org\/{rel}","templated":true}]}}