{"id":18848,"date":"2025-07-06T09:10:00","date_gmt":"2025-07-06T09:10:00","guid":{"rendered":"http:\/\/druzai.lt\/?p=18848"},"modified":"2026-02-08T09:12:29","modified_gmt":"2026-02-08T09:12:29","slug":"su-liepos-6-aja","status":"publish","type":"post","link":"http:\/\/druzai.lt\/?p=18848","title":{"rendered":"Su Liepos 6-\u0105ja!"},"content":{"rendered":"\n<h2>Su Valstyb\u0117s diena!<\/h2>\n\n\n\n<p>\u0160iandien m\u016bs\u0173 \u0161irdyse skamba ypatingas pasidid\u017eiavimas \u2013 \u0161i diena primena mums, kas esame ir i\u0161 kur ateiname. Tai diena, kai prie\u0161 \u0161imtme\u010dius m\u016bs\u0173 valstyb\u0117 pirm\u0105 kart\u0105 i\u0161girdo savo vard\u0105 pasaulio istorijos puslapiuose. Karaliaus Mindaugo kar\u016bnavimas ne tik pa\u017eym\u0117jo Lietuvos gimim\u0105, bet ir \u012f\u017eieb\u0117 liepsn\u0105, kuri iki \u0161iol dega kiekvieno m\u016bs\u0173 \u0161irdyje \u2013 tai laisv\u0117s, vienyb\u0117s ir meil\u0117s savo kra\u0161tui liepsna.Tegul \u0161i liepsna niekada neu\u017eg\u0119sta. Tegul skamba \u201eTauti\u0161ka giesm\u0117\u201c nuo Nemuno iki Baltijos krant\u0173, jungdama mus visus \u2013 esan\u010dius Lietuvoje ir i\u0161sibars\u010diusius po pasaul\u012f. Su Valstyb\u0117s diena, Lietuva!Did\u017eiuokim\u0117s, myl\u0117kime ir kurkime T\u0117vyn\u0119 kartu \u2013 kiekvien\u0105 dien\u0105, kiekvienu darbu, kiekvienu \u017eod\u017eiu. Tegyvuoja Lietuva!<\/p>\n\n\n\n<figure class=\"wp-block-gallery has-nested-images columns-default is-cropped\">\n<figure class=\"wp-block-image size-large\"><img loading=\"lazy\" width=\"640\" height=\"411\" data-id=\"18849\"  src=\"http:\/\/druzai.lt\/wp-content\/uploads\/2026\/02\/516499493_1159869432847235_2448140258796470890_n.jpg\" alt=\"\" class=\"wp-image-18849\" srcset=\"http:\/\/druzai.lt\/wp-content\/uploads\/2026\/02\/516499493_1159869432847235_2448140258796470890_n.jpg 640w, http:\/\/druzai.lt\/wp-content\/uploads\/2026\/02\/516499493_1159869432847235_2448140258796470890_n-300x193.jpg 300w\" sizes=\"(max-width: 640px) 100vw, 640px\" \/><\/figure>\n<\/figure>\n","protected":false},"excerpt":{"rendered":"<p>Su Valstyb\u0117s diena! \u0160iandien m\u016bs\u0173 \u0161irdyse skamba ypatingas pasidid\u017eiavimas \u2013 \u0161i diena primena mums, kas esame ir i\u0161 kur ateiname. Tai diena, kai prie\u0161 \u0161imtme\u010dius m\u016bs\u0173 valstyb\u0117 pirm\u0105 kart\u0105 i\u0161girdo savo vard\u0105 pasaulio istorijos puslapiuose. Karaliaus Mindaugo kar\u016bnavimas ne tik pa\u017eym\u0117jo Lietuvos gimim\u0105, bet ir \u012f\u017eieb\u0117 liepsn\u0105, kuri iki \u0161iol dega kiekvieno m\u016bs\u0173 \u0161irdyje \u2013 [&hellip;]<\/p>\n","protected":false},"author":2,"featured_media":0,"comment_status":"closed","ping_status":"open","sticky":false,"template":"","format":"standard","meta":[],"categories":[1],"tags":[],"_links":{"self":[{"href":"http:\/\/druzai.lt\/index.php?rest_route=\/wp\/v2\/posts\/18848"}],"collection":[{"href":"http:\/\/druzai.lt\/index.php?rest_route=\/wp\/v2\/posts"}],"about":[{"href":"http:\/\/druzai.lt\/index.php?rest_route=\/wp\/v2\/types\/post"}],"author":[{"embeddable":true,"href":"http:\/\/druzai.lt\/index.php?rest_route=\/wp\/v2\/users\/2"}],"replies":[{"embeddable":true,"href":"http:\/\/druzai.lt\/index.php?rest_route=%2Fwp%2Fv2%2Fcomments&post=18848"}],"version-history":[{"count":1,"href":"http:\/\/druzai.lt\/index.php?rest_route=\/wp\/v2\/posts\/18848\/revisions"}],"predecessor-version":[{"id":18850,"href":"http:\/\/druzai.lt\/index.php?rest_route=\/wp\/v2\/posts\/18848\/revisions\/18850"}],"wp:attachment":[{"href":"http:\/\/druzai.lt\/index.php?rest_route=%2Fwp%2Fv2%2Fmedia&parent=18848"}],"wp:term":[{"taxonomy":"category","embeddable":true,"href":"http:\/\/druzai.lt\/index.php?rest_route=%2Fwp%2Fv2%2Fcategories&post=18848"},{"taxonomy":"post_tag","embeddable":true,"href":"http:\/\/druzai.lt\/index.php?rest_route=%2Fwp%2Fv2%2Ftags&post=18848"}],"curies":[{"name":"wp","href":"https:\/\/api.w.org\/{rel}","templated":true}]}}