{"id":18612,"date":"2025-04-04T13:06:00","date_gmt":"2025-04-04T13:06:00","guid":{"rendered":"http:\/\/druzai.lt\/?p=18612"},"modified":"2026-02-07T13:09:46","modified_gmt":"2026-02-07T13:09:46","slug":"sveikiname-gabija-2","status":"publish","type":"post","link":"http:\/\/druzai.lt\/?p=18612","title":{"rendered":"Sveikiname Gabij\u0105!"},"content":{"rendered":"\n<h2>Sveikiname Gabij\u0105!<\/h2>\n\n\n\n<p>Savatgal\u012f festivalyje Kernav\u0117je \u201e\u0160okio istorijos\u201c dalyvavo trys \u201eTu tik \u0161ok\u201c m\u016bs\u0173 komandos. \u0160irvint\u0173 pradin\u0117s ir progimnazijos mokin\u0117s bei grup\u0117 i\u0161 Ukmerg\u0117s Dukstynos mokyklos  D\u017eiaugiam\u0117s mokini\u0173 aktyviu dalyvavimu, pastangomis bei puikiu pasirodymu!. <\/p>\n\n\n\n<p>Dalyvavo Gabija Karali\u016bnait\u0117.<\/p>\n\n\n\n<p><a href=\"https:\/\/www.facebook.com\/Julialiab?__cft__[0]=AZY-hY51Tqesua91CMLxk9v2Pw_cqRAJHs1k8fNnrlkkdZ-nq3J84XR3SgMfvcuMOfaVaGresr0xkbprKySU5fC_INUJezMcC1mrs_d283tWLX5n8Sdy3hVVBjYKrRO0MQ8iLIU2t0ddf-gsHXYKCg18YbAHr31DiDfaOyL5qDixVgvp8kLH9BR3puI4eCnD2Z_ELG_XWj1h6XXs6RD2v_48&amp;__tn__=-]K-y-R\">Julija Banevi\u010di\u016bt\u0117<\/a><\/p>\n\n\n\n<figure class=\"wp-block-gallery has-nested-images columns-default is-cropped\">\n<figure class=\"wp-block-image size-large\"><img loading=\"lazy\" width=\"1618\" height=\"2048\" data-id=\"18613\"  src=\"http:\/\/druzai.lt\/wp-content\/uploads\/2026\/02\/489914914_1082116203936896_7636073367223356512_n.jpg\" alt=\"\" class=\"wp-image-18613\" srcset=\"http:\/\/druzai.lt\/wp-content\/uploads\/2026\/02\/489914914_1082116203936896_7636073367223356512_n.jpg 1618w, http:\/\/druzai.lt\/wp-content\/uploads\/2026\/02\/489914914_1082116203936896_7636073367223356512_n-237x300.jpg 237w, http:\/\/druzai.lt\/wp-content\/uploads\/2026\/02\/489914914_1082116203936896_7636073367223356512_n-809x1024.jpg 809w, http:\/\/druzai.lt\/wp-content\/uploads\/2026\/02\/489914914_1082116203936896_7636073367223356512_n-768x972.jpg 768w, http:\/\/druzai.lt\/wp-content\/uploads\/2026\/02\/489914914_1082116203936896_7636073367223356512_n-1214x1536.jpg 1214w\" sizes=\"(max-width: 1618px) 100vw, 1618px\" \/><\/figure>\n<\/figure>\n","protected":false},"excerpt":{"rendered":"<p>Sveikiname Gabij\u0105! Savatgal\u012f festivalyje Kernav\u0117je \u201e\u0160okio istorijos\u201c dalyvavo trys \u201eTu tik \u0161ok\u201c m\u016bs\u0173 komandos. \u0160irvint\u0173 pradin\u0117s ir progimnazijos mokin\u0117s bei grup\u0117 i\u0161 Ukmerg\u0117s Dukstynos mokyklos D\u017eiaugiam\u0117s mokini\u0173 aktyviu dalyvavimu, pastangomis bei puikiu pasirodymu!. Dalyvavo Gabija Karali\u016bnait\u0117. Julija Banevi\u010di\u016bt\u0117<\/p>\n","protected":false},"author":2,"featured_media":0,"comment_status":"closed","ping_status":"open","sticky":false,"template":"","format":"standard","meta":[],"categories":[1],"tags":[],"_links":{"self":[{"href":"http:\/\/druzai.lt\/index.php?rest_route=\/wp\/v2\/posts\/18612"}],"collection":[{"href":"http:\/\/druzai.lt\/index.php?rest_route=\/wp\/v2\/posts"}],"about":[{"href":"http:\/\/druzai.lt\/index.php?rest_route=\/wp\/v2\/types\/post"}],"author":[{"embeddable":true,"href":"http:\/\/druzai.lt\/index.php?rest_route=\/wp\/v2\/users\/2"}],"replies":[{"embeddable":true,"href":"http:\/\/druzai.lt\/index.php?rest_route=%2Fwp%2Fv2%2Fcomments&post=18612"}],"version-history":[{"count":1,"href":"http:\/\/druzai.lt\/index.php?rest_route=\/wp\/v2\/posts\/18612\/revisions"}],"predecessor-version":[{"id":18614,"href":"http:\/\/druzai.lt\/index.php?rest_route=\/wp\/v2\/posts\/18612\/revisions\/18614"}],"wp:attachment":[{"href":"http:\/\/druzai.lt\/index.php?rest_route=%2Fwp%2Fv2%2Fmedia&parent=18612"}],"wp:term":[{"taxonomy":"category","embeddable":true,"href":"http:\/\/druzai.lt\/index.php?rest_route=%2Fwp%2Fv2%2Fcategories&post=18612"},{"taxonomy":"post_tag","embeddable":true,"href":"http:\/\/druzai.lt\/index.php?rest_route=%2Fwp%2Fv2%2Ftags&post=18612"}],"curies":[{"name":"wp","href":"https:\/\/api.w.org\/{rel}","templated":true}]}}