{"id":18599,"date":"2025-04-19T12:51:00","date_gmt":"2025-04-19T12:51:00","guid":{"rendered":"http:\/\/druzai.lt\/?p=18599"},"modified":"2026-02-07T12:54:18","modified_gmt":"2026-02-07T12:54:18","slug":"pries-sv-velykas-gelemis-prazydo-ir-zolynais-nusvito-druzu-kaimo-kryzius","status":"publish","type":"post","link":"http:\/\/druzai.lt\/?p=18599","title":{"rendered":"Prie\u0161 \u0160v.Velykas g\u0117l\u0117mis pra\u017eydo ir \u017eolynais nu\u0161vito  Dru\u017e\u0173 kaimo kry\u017eius"},"content":{"rendered":"\n<h2>Prie\u0161 \u0160v.Velykas g\u0117l\u0117mis pra\u017eydo ir \u017eolynais nu\u0161vito  Dru\u017e\u0173 kaimo kry\u017eius<\/h2>\n\n\n\n<p>Prie\u0161 \u0160v.Velykas g\u0117l\u0117mis pra\u017eyd\u0119s ir \u017eolynais nu\u0161vit\u0119s<em> Dru\u017e\u0173 kaimo kry\u017eius<\/em> spindi ramybe. Lyg tyliai d\u0117koja \u2014 u\u017e rankas, kurios j\u012f paliet\u0117, u\u017e \u0161irdis, kurios nepamir\u0161o. Tarsi \u0161viesa prie\u0161 Prisik\u0117lim\u0105 \u2014 paprasta, bet tokia gili. D\u0117kojame <a href=\"https:\/\/www.facebook.com\/rita.ciceniene.54?__cft__[0]=AZZDy2ZdtE3jU4Kepjb4TG4Nox4rI7xHpVcdEn5Ityitj4QUHdMTfpt686-16MJJhhY38WpB3OAuhYQJAj4ZFxTRaedCPYZg7JrOd_PMevL4y37gi2Aw_KTQAAtPP3R3cTRXgpKYavKC0P430MLF6b9KBT0lV7cTctRr400-vEJ16_LF5ucKRu3nhUORAVEjB44&amp;__tn__=-]K-R\">Rita Ciceniene<\/a>.<\/p>\n\n\n\n<figure class=\"wp-block-gallery has-nested-images columns-default is-cropped\"><\/figure>\n\n\n\n<figure class=\"wp-block-image size-full\"><img loading=\"lazy\" width=\"823\" height=\"1024\" src=\"http:\/\/druzai.lt\/wp-content\/uploads\/2026\/02\/kryzius.jpg\" alt=\"\" class=\"wp-image-18600\" srcset=\"http:\/\/druzai.lt\/wp-content\/uploads\/2026\/02\/kryzius.jpg 823w, http:\/\/druzai.lt\/wp-content\/uploads\/2026\/02\/kryzius-241x300.jpg 241w, http:\/\/druzai.lt\/wp-content\/uploads\/2026\/02\/kryzius-768x956.jpg 768w\" sizes=\"(max-width: 823px) 100vw, 823px\" \/><\/figure>\n","protected":false},"excerpt":{"rendered":"<p>Prie\u0161 \u0160v.Velykas g\u0117l\u0117mis pra\u017eydo ir \u017eolynais nu\u0161vito Dru\u017e\u0173 kaimo kry\u017eius Prie\u0161 \u0160v.Velykas g\u0117l\u0117mis pra\u017eyd\u0119s ir \u017eolynais nu\u0161vit\u0119s Dru\u017e\u0173 kaimo kry\u017eius spindi ramybe. Lyg tyliai d\u0117koja \u2014 u\u017e rankas, kurios j\u012f paliet\u0117, u\u017e \u0161irdis, kurios nepamir\u0161o. Tarsi \u0161viesa prie\u0161 Prisik\u0117lim\u0105 \u2014 paprasta, bet tokia gili. D\u0117kojame Rita Ciceniene.<\/p>\n","protected":false},"author":2,"featured_media":0,"comment_status":"closed","ping_status":"open","sticky":false,"template":"","format":"standard","meta":[],"categories":[1],"tags":[],"_links":{"self":[{"href":"http:\/\/druzai.lt\/index.php?rest_route=\/wp\/v2\/posts\/18599"}],"collection":[{"href":"http:\/\/druzai.lt\/index.php?rest_route=\/wp\/v2\/posts"}],"about":[{"href":"http:\/\/druzai.lt\/index.php?rest_route=\/wp\/v2\/types\/post"}],"author":[{"embeddable":true,"href":"http:\/\/druzai.lt\/index.php?rest_route=\/wp\/v2\/users\/2"}],"replies":[{"embeddable":true,"href":"http:\/\/druzai.lt\/index.php?rest_route=%2Fwp%2Fv2%2Fcomments&post=18599"}],"version-history":[{"count":1,"href":"http:\/\/druzai.lt\/index.php?rest_route=\/wp\/v2\/posts\/18599\/revisions"}],"predecessor-version":[{"id":18601,"href":"http:\/\/druzai.lt\/index.php?rest_route=\/wp\/v2\/posts\/18599\/revisions\/18601"}],"wp:attachment":[{"href":"http:\/\/druzai.lt\/index.php?rest_route=%2Fwp%2Fv2%2Fmedia&parent=18599"}],"wp:term":[{"taxonomy":"category","embeddable":true,"href":"http:\/\/druzai.lt\/index.php?rest_route=%2Fwp%2Fv2%2Fcategories&post=18599"},{"taxonomy":"post_tag","embeddable":true,"href":"http:\/\/druzai.lt\/index.php?rest_route=%2Fwp%2Fv2%2Ftags&post=18599"}],"curies":[{"name":"wp","href":"https:\/\/api.w.org\/{rel}","templated":true}]}}