{"id":18549,"date":"2025-03-19T09:43:00","date_gmt":"2025-03-19T09:43:00","guid":{"rendered":"http:\/\/druzai.lt\/?p=18549"},"modified":"2026-02-07T09:52:27","modified_gmt":"2026-02-07T09:52:27","slug":"sveikinimai-vakarei-ir-klaudijui","status":"publish","type":"post","link":"http:\/\/druzai.lt\/?p=18549","title":{"rendered":"Sveikinimai Vakarei ir Klaudijui!"},"content":{"rendered":"\n<h2>Sveikinimai Vakarei ir Klaudijui!<\/h2>\n\n\n\n<p>\u0160iandien, kovo 19 d.  \u0160irvint\u0173 r. policijos komisariate vyko Lietuvos moksleivi\u0173 \u017eini\u0173 konkurso \u201eA\u0161 ir policija I etapas. D\u017eiaugiam\u0117s, kad aktyviai dalyvavo \u0160irvint\u0173 rajono mokyklos.<\/p>\n\n\n\n<p>A\u010di\u016b visiems dalyviams: Musnink\u0173 Alfonso Petrulio gimnazijos komandai \u201eMakvynai\u201c,Lauryno Stuokos &#8211; Gucevi\u010diaus gimnazijos komandai \u201eKatedra\u201c ,\u0160irvint\u0173 \u201eAt\u017ealyno\u201c progimnazijos komandai \u201eSargyba B\u201c ,Musnink\u0173 Alfonso Petrulio gimnazijos komandai \u201eMAP&#8217; go\u201c,Lauryno Stuokos &#8211; Gucevi\u010diaus gimnazijos komandai \u201e\u012estatym\u0173 akademija\u201c,\u0160irvint\u0173 rajono Gelvon\u0173 gimnazijos komandai \u201eOniksai\u201c.<\/p>\n\n\n\n<figure class=\"wp-block-gallery has-nested-images columns-default is-cropped\">\n<figure class=\"wp-block-image size-large\"><img loading=\"lazy\" width=\"2048\" height=\"1536\" data-id=\"18550\"  src=\"http:\/\/druzai.lt\/wp-content\/uploads\/2026\/02\/491655265_2035744706916817_5349433120240551961_n.jpg\" alt=\"\" class=\"wp-image-18550\" srcset=\"http:\/\/druzai.lt\/wp-content\/uploads\/2026\/02\/491655265_2035744706916817_5349433120240551961_n.jpg 2048w, http:\/\/druzai.lt\/wp-content\/uploads\/2026\/02\/491655265_2035744706916817_5349433120240551961_n-300x225.jpg 300w, http:\/\/druzai.lt\/wp-content\/uploads\/2026\/02\/491655265_2035744706916817_5349433120240551961_n-1024x768.jpg 1024w, http:\/\/druzai.lt\/wp-content\/uploads\/2026\/02\/491655265_2035744706916817_5349433120240551961_n-768x576.jpg 768w, http:\/\/druzai.lt\/wp-content\/uploads\/2026\/02\/491655265_2035744706916817_5349433120240551961_n-1536x1152.jpg 1536w\" sizes=\"(max-width: 2048px) 100vw, 2048px\" \/><\/figure>\n<\/figure>\n","protected":false},"excerpt":{"rendered":"<p>Sveikinimai Vakarei ir Klaudijui! \u0160iandien, kovo 19 d. \u0160irvint\u0173 r. policijos komisariate vyko Lietuvos moksleivi\u0173 \u017eini\u0173 konkurso \u201eA\u0161 ir policija I etapas. D\u017eiaugiam\u0117s, kad aktyviai dalyvavo \u0160irvint\u0173 rajono mokyklos. A\u010di\u016b visiems dalyviams: Musnink\u0173 Alfonso Petrulio gimnazijos komandai \u201eMakvynai\u201c,Lauryno Stuokos &#8211; Gucevi\u010diaus gimnazijos komandai \u201eKatedra\u201c ,\u0160irvint\u0173 \u201eAt\u017ealyno\u201c progimnazijos komandai \u201eSargyba B\u201c ,Musnink\u0173 Alfonso Petrulio gimnazijos komandai [&hellip;]<\/p>\n","protected":false},"author":2,"featured_media":0,"comment_status":"closed","ping_status":"open","sticky":false,"template":"","format":"standard","meta":[],"categories":[1],"tags":[],"_links":{"self":[{"href":"http:\/\/druzai.lt\/index.php?rest_route=\/wp\/v2\/posts\/18549"}],"collection":[{"href":"http:\/\/druzai.lt\/index.php?rest_route=\/wp\/v2\/posts"}],"about":[{"href":"http:\/\/druzai.lt\/index.php?rest_route=\/wp\/v2\/types\/post"}],"author":[{"embeddable":true,"href":"http:\/\/druzai.lt\/index.php?rest_route=\/wp\/v2\/users\/2"}],"replies":[{"embeddable":true,"href":"http:\/\/druzai.lt\/index.php?rest_route=%2Fwp%2Fv2%2Fcomments&post=18549"}],"version-history":[{"count":2,"href":"http:\/\/druzai.lt\/index.php?rest_route=\/wp\/v2\/posts\/18549\/revisions"}],"predecessor-version":[{"id":18552,"href":"http:\/\/druzai.lt\/index.php?rest_route=\/wp\/v2\/posts\/18549\/revisions\/18552"}],"wp:attachment":[{"href":"http:\/\/druzai.lt\/index.php?rest_route=%2Fwp%2Fv2%2Fmedia&parent=18549"}],"wp:term":[{"taxonomy":"category","embeddable":true,"href":"http:\/\/druzai.lt\/index.php?rest_route=%2Fwp%2Fv2%2Fcategories&post=18549"},{"taxonomy":"post_tag","embeddable":true,"href":"http:\/\/druzai.lt\/index.php?rest_route=%2Fwp%2Fv2%2Ftags&post=18549"}],"curies":[{"name":"wp","href":"https:\/\/api.w.org\/{rel}","templated":true}]}}