{"id":18518,"date":"2025-03-07T08:50:00","date_gmt":"2025-03-07T08:50:00","guid":{"rendered":"http:\/\/druzai.lt\/?p=18518"},"modified":"2026-02-07T08:53:12","modified_gmt":"2026-02-07T08:53:12","slug":"sveikiname-gabija-karaliunaite-ir-janina-jankauskiene-ir-linkime-sekmes","status":"publish","type":"post","link":"http:\/\/druzai.lt\/?p=18518","title":{"rendered":"Sveikiname Gabij\u0105 Karali\u016bnait\u0119 ir Janin\u0105 Jankauskien\u0119 ir linkime s\u0117km\u0117s!"},"content":{"rendered":"\n<h2>Sveikiname Gabij\u0105 Karali\u016bnait\u0119 ir Janin\u0105 Jankauskien\u0119 ir linkime s\u0117km\u0117s! <\/h2>\n\n\n\n<p>2025 m. rengiamas XI Lietuvos vaik\u0173 ir moksleivi\u0173 \u2013 lietuvi\u0173 liaudies k\u016brybos atlik\u0117j\u0173 \u2013 konkursas \u201eTramtatulis\u201c. 2025 m. kovo 7 d. \u0160irvint\u0173 kult\u016bros centre, vietiniame rate dalyvavo pasakotoja Gabija Karali\u016bnait\u0117, j\u0105 pareng\u0117 Janina Jankauskien\u0117. Gabija su Janina vyks \u012f regionin\u012f tur\u0105, kuriame dalyvaus savivaldybi\u0173 vietiniuose ratuose i\u0161rinkti laureatai, 2025 m. baland\u017eio 12 d. \u012f Mol\u0117tus. (Vidurio ir Ryt\u0173 Auk\u0161taitijos regionas).<\/p>\n\n\n\n<figure class=\"wp-block-gallery has-nested-images columns-default is-cropped\">\n<figure class=\"wp-block-image size-large\"><img loading=\"lazy\" width=\"1536\" height=\"2048\" data-id=\"18519\"  src=\"http:\/\/druzai.lt\/wp-content\/uploads\/2026\/02\/488801775_1091188243048688_5365059421656606733_n.jpg\" alt=\"\" class=\"wp-image-18519\" srcset=\"http:\/\/druzai.lt\/wp-content\/uploads\/2026\/02\/488801775_1091188243048688_5365059421656606733_n.jpg 1536w, http:\/\/druzai.lt\/wp-content\/uploads\/2026\/02\/488801775_1091188243048688_5365059421656606733_n-225x300.jpg 225w, http:\/\/druzai.lt\/wp-content\/uploads\/2026\/02\/488801775_1091188243048688_5365059421656606733_n-768x1024.jpg 768w, http:\/\/druzai.lt\/wp-content\/uploads\/2026\/02\/488801775_1091188243048688_5365059421656606733_n-1152x1536.jpg 1152w\" sizes=\"(max-width: 1536px) 100vw, 1536px\" \/><\/figure>\n\n\n\n<figure class=\"wp-block-image size-large\"><img loading=\"lazy\" width=\"1536\" height=\"2048\" data-id=\"18520\"  src=\"http:\/\/druzai.lt\/wp-content\/uploads\/2026\/02\/488907183_1091189876381858_6714811432175570122_n.jpg\" alt=\"\" class=\"wp-image-18520\" srcset=\"http:\/\/druzai.lt\/wp-content\/uploads\/2026\/02\/488907183_1091189876381858_6714811432175570122_n.jpg 1536w, http:\/\/druzai.lt\/wp-content\/uploads\/2026\/02\/488907183_1091189876381858_6714811432175570122_n-225x300.jpg 225w, http:\/\/druzai.lt\/wp-content\/uploads\/2026\/02\/488907183_1091189876381858_6714811432175570122_n-768x1024.jpg 768w, http:\/\/druzai.lt\/wp-content\/uploads\/2026\/02\/488907183_1091189876381858_6714811432175570122_n-1152x1536.jpg 1152w\" sizes=\"(max-width: 1536px) 100vw, 1536px\" \/><\/figure>\n\n\n\n<figure class=\"wp-block-image size-large\"><img loading=\"lazy\" width=\"1536\" height=\"2048\" data-id=\"18521\"  src=\"http:\/\/druzai.lt\/wp-content\/uploads\/2026\/02\/489692497_1091188316382014_7568603558739505817_n.jpg\" alt=\"\" class=\"wp-image-18521\" srcset=\"http:\/\/druzai.lt\/wp-content\/uploads\/2026\/02\/489692497_1091188316382014_7568603558739505817_n.jpg 1536w, http:\/\/druzai.lt\/wp-content\/uploads\/2026\/02\/489692497_1091188316382014_7568603558739505817_n-225x300.jpg 225w, http:\/\/druzai.lt\/wp-content\/uploads\/2026\/02\/489692497_1091188316382014_7568603558739505817_n-768x1024.jpg 768w, http:\/\/druzai.lt\/wp-content\/uploads\/2026\/02\/489692497_1091188316382014_7568603558739505817_n-1152x1536.jpg 1152w\" sizes=\"(max-width: 1536px) 100vw, 1536px\" \/><\/figure>\n<\/figure>\n\n\n\n<p><\/p>\n","protected":false},"excerpt":{"rendered":"<p>Sveikiname Gabij\u0105 Karali\u016bnait\u0119 ir Janin\u0105 Jankauskien\u0119 ir linkime s\u0117km\u0117s! 2025 m. rengiamas XI Lietuvos vaik\u0173 ir moksleivi\u0173 \u2013 lietuvi\u0173 liaudies k\u016brybos atlik\u0117j\u0173 \u2013 konkursas \u201eTramtatulis\u201c. 2025 m. kovo 7 d. \u0160irvint\u0173 kult\u016bros centre, vietiniame rate dalyvavo pasakotoja Gabija Karali\u016bnait\u0117, j\u0105 pareng\u0117 Janina Jankauskien\u0117. Gabija su Janina vyks \u012f regionin\u012f tur\u0105, kuriame dalyvaus savivaldybi\u0173 vietiniuose ratuose [&hellip;]<\/p>\n","protected":false},"author":2,"featured_media":0,"comment_status":"closed","ping_status":"open","sticky":false,"template":"","format":"standard","meta":[],"categories":[1],"tags":[],"_links":{"self":[{"href":"http:\/\/druzai.lt\/index.php?rest_route=\/wp\/v2\/posts\/18518"}],"collection":[{"href":"http:\/\/druzai.lt\/index.php?rest_route=\/wp\/v2\/posts"}],"about":[{"href":"http:\/\/druzai.lt\/index.php?rest_route=\/wp\/v2\/types\/post"}],"author":[{"embeddable":true,"href":"http:\/\/druzai.lt\/index.php?rest_route=\/wp\/v2\/users\/2"}],"replies":[{"embeddable":true,"href":"http:\/\/druzai.lt\/index.php?rest_route=%2Fwp%2Fv2%2Fcomments&post=18518"}],"version-history":[{"count":1,"href":"http:\/\/druzai.lt\/index.php?rest_route=\/wp\/v2\/posts\/18518\/revisions"}],"predecessor-version":[{"id":18522,"href":"http:\/\/druzai.lt\/index.php?rest_route=\/wp\/v2\/posts\/18518\/revisions\/18522"}],"wp:attachment":[{"href":"http:\/\/druzai.lt\/index.php?rest_route=%2Fwp%2Fv2%2Fmedia&parent=18518"}],"wp:term":[{"taxonomy":"category","embeddable":true,"href":"http:\/\/druzai.lt\/index.php?rest_route=%2Fwp%2Fv2%2Fcategories&post=18518"},{"taxonomy":"post_tag","embeddable":true,"href":"http:\/\/druzai.lt\/index.php?rest_route=%2Fwp%2Fv2%2Ftags&post=18518"}],"curies":[{"name":"wp","href":"https:\/\/api.w.org\/{rel}","templated":true}]}}